{"id":1402,"date":"2014-08-24T00:13:02","date_gmt":"2014-08-24T00:13:02","guid":{"rendered":"http:\/\/eduardomissoni.info\/?p=1402"},"modified":"2014-08-24T00:13:02","modified_gmt":"2014-08-24T00:13:02","slug":"scoutismo-scuola-di-vita","status":"publish","type":"post","link":"https:\/\/eduardomissoni.info\/?p=1402","title":{"rendered":"Scoutismo scuola di vita"},"content":{"rendered":"<p><a href=\"http:\/\/eduardomissoni.info\/wp-content\/uploads\/valori-scout.jpg\"><img loading=\"lazy\" decoding=\"async\" class=\"alignleft size-medium wp-image-1404\" src=\"http:\/\/eduardomissoni.info\/wp-content\/uploads\/valori-scout-253x300.jpg\" alt=\"valori-scout\" width=\"253\" height=\"300\" srcset=\"https:\/\/eduardomissoni.info\/wp-content\/uploads\/valori-scout-253x300.jpg 253w, https:\/\/eduardomissoni.info\/wp-content\/uploads\/valori-scout.jpg 784w\" sizes=\"auto, (max-width: 253px) 100vw, 253px\" \/><\/a>Mi sembra molto importante condividere il bellissimo contributo di Carla Collicelli pubblicato su <em>Avvenire<\/em> il 17 agosto 2014<\/p>\n<blockquote><p>L&#8217;attenzione riservata dai mass media agli scout del&#8217;Agesci in questo agosto 2014 rappresenta un evento inusuale per chi segue la cronaca estiva delle manifestazioni e dei raduni, incontri sempre importanti e significativi per la comprensione del clima e dei sentimenti diffusi nel paese. Soprattutto chi guarda con apprensione e speranza agli umori della componente giovanile della societ\u00e0, ed in particolare a quelli dei gruppi giovanili di ambito cattolico, non pu\u00f2 non essere stato colpito dalla nuova visibilit\u00e0 tributata al movimento scout nella stampa nazionale e nei principali canali televisivi in occasione della Route nazionale di San Rossore.<br \/>\nNon che lo scoutismo cattolico non abbia gi\u00e0 avuto modo di guadagnare in passato stima e simpatie, per l&#8217;azione educativa che svolge nei confronti delle fasce giovanili dagli 8 anni in poi secondo un modello di formazione ed uno stile comunitario originali e completi. Dalle regole di vita della legge scout alla capacit\u00e0 di orientarsi e muoversi con sicurezza nella natura; dalla organizzazione in piccoli gruppi alla pratica del servizio a favore dei pi\u00f9 deboli; dalla espressione di se&#8217; attraverso il canto e la recitazione alla spiritualit\u00e0; dallo sviluppo delle competenze individuali al cammino come scuola di vita. Fino ad oggi, per\u00f2, quella stima e quella simpatia hanno trovato riconoscimento in una cerchia relativamente ristretta di ambienti sociali, mentre al di fuori di essi il movimento scout viene spesso visto come una sorta di curiosa anomalia, rispetto alle mode ed alla &#8220;normalit\u00e0&#8221; della condizione giovanile nel sul complesso, un qualcosa da guardare con ammirazione ma anche con un po&#8217; di sospettoso distacco. Perch\u00e9 mentre il mondo va verso l&#8217;individualismo consumistico, gli scout insegnano la comunit\u00e0, la governance partecipativa e ferma e il valore della strada e del progresso per piccoli passi. Mentre i giovani sviluppano un desiderio per lo pi\u00f9 scomposto di emozioni di facile e superficiale consumo, gli scout insegnano la riflessione, l&#8217;impegno, la spiritualit\u00e0 e la ricerca di se&#8217;. Mentre il mondo va verso un intellettualismo sterile e verso la fuga nel virtuale, gli scout insegnano la manualit\u00e0, lo sforzo fisico, la vita nella natura. Mentre tutto sembra spingere verso un pessimismo cosmico, gli scout predicano l&#8217;ottimismo della volont\u00e0. Mentre le generazioni si allontanano e la trasmissione della vita e dei valori sembrano non interessare pi\u00f9, gli scout parlano di scambio intergenerazionale e di educazione attraverso l&#8217;esempio.<br \/>\nSarebbe interessante, ma lungo e complesso, interrogarsi sui motivi della nuova visibilit\u00e0 (la numerosit\u00e0 dei partecipanti, la presenza del presidente del Consiglio). Vale piuttosto la pena chiedersi cosa possiamo aspettarci da questa nuova visibilit\u00e0 o cosa ci auguriamo che avvenga. Le potenzialit\u00e0 dei media oggi sono una realt\u00e0 di fatto, ma non sempre la connessione tra sociale vissuto ed amplificazione da parte dei mezzi di comunicazione di massa produce gli effetti desiderati, come si deduce da ci\u00f2 che \u00e8 accaduto con i Social network e con alcuni recenti movimenti di espressione sociale e politica (nucleare, ecologia, indignados, popoli viola, ecc.).<br \/>\nSarebbe davvero un bel risultato se la maggiore visibilit\u00e0 e comprensione del movimento scout, da parte di gruppi sociali che poco lo conoscono, desse vita ad una riflessione meno scontata su tre aspetti centrali per la vita comunitaria. Innanzitutto l&#8217;importanza del lavoro da effettuare su se stessi, e quella dei cambiamenti che una educazione sana pu\u00f2 facilitare dall&#8217;interno nella persona umana, ed il valore dell&#8217;educazione a differenza di forme di movimentismo strumentali alla conquista di posizioni di potere. In secondo luogo il valore della contaminazione con la diversit\u00e0, sia che si tratti degli emarginati, che dei portatori di handicap o degli avversari politici. Infine il significato della reciprocit\u00e0, come volano per una forza innovativa coraggiosa, quella che passa attraverso il riconoscimento delle competenze come base per la gestione di processi comunitari di sviluppo, da contrapporre a molte delle consuetudini regressive in uso delle organizzazioni del nostro tempo.<\/p><\/blockquote>\n","protected":false},"excerpt":{"rendered":"<p>Mi sembra molto importante condividere il bellissimo contributo di Carla Collicelli pubblicato su Avvenire il 17 agosto 2014 L&#8217;attenzione riservata dai mass media agli scout del&#8217;Agesci in questo agosto 2014 rappresenta un evento inusuale per chi segue la cronaca estiva &hellip; <a href=\"https:\/\/eduardomissoni.info\/?p=1402\">Continua a leggere<span class=\"meta-nav\">&rarr;<\/span><\/a><\/p>\n","protected":false},"author":1,"featured_media":0,"comment_status":"open","ping_status":"closed","sticky":false,"template":"","format":"standard","meta":{"footnotes":""},"categories":[1],"tags":[],"class_list":["post-1402","post","type-post","status-publish","format-standard","hentry","category-uncategorized"],"_links":{"self":[{"href":"https:\/\/eduardomissoni.info\/index.php?rest_route=\/wp\/v2\/posts\/1402","targetHints":{"allow":["GET"]}}],"collection":[{"href":"https:\/\/eduardomissoni.info\/index.php?rest_route=\/wp\/v2\/posts"}],"about":[{"href":"https:\/\/eduardomissoni.info\/index.php?rest_route=\/wp\/v2\/types\/post"}],"author":[{"embeddable":true,"href":"https:\/\/eduardomissoni.info\/index.php?rest_route=\/wp\/v2\/users\/1"}],"replies":[{"embeddable":true,"href":"https:\/\/eduardomissoni.info\/index.php?rest_route=%2Fwp%2Fv2%2Fcomments&post=1402"}],"version-history":[{"count":1,"href":"https:\/\/eduardomissoni.info\/index.php?rest_route=\/wp\/v2\/posts\/1402\/revisions"}],"predecessor-version":[{"id":1405,"href":"https:\/\/eduardomissoni.info\/index.php?rest_route=\/wp\/v2\/posts\/1402\/revisions\/1405"}],"wp:attachment":[{"href":"https:\/\/eduardomissoni.info\/index.php?rest_route=%2Fwp%2Fv2%2Fmedia&parent=1402"}],"wp:term":[{"taxonomy":"category","embeddable":true,"href":"https:\/\/eduardomissoni.info\/index.php?rest_route=%2Fwp%2Fv2%2Fcategories&post=1402"},{"taxonomy":"post_tag","embeddable":true,"href":"https:\/\/eduardomissoni.info\/index.php?rest_route=%2Fwp%2Fv2%2Ftags&post=1402"}],"curies":[{"name":"wp","href":"https:\/\/api.w.org\/{rel}","templated":true}]}}