{"id":1520,"date":"2015-05-11T21:48:26","date_gmt":"2015-05-11T21:48:26","guid":{"rendered":"http:\/\/eduardomissoni.info\/?p=1520"},"modified":"2015-05-11T21:48:26","modified_gmt":"2015-05-11T21:48:26","slug":"decrescita-e-salute-lazione-locale-dovrebbe-essere-associata-a-politiche-globali-e-alla-governance-per-la-salute","status":"publish","type":"post","link":"https:\/\/eduardomissoni.info\/?p=1520","title":{"rendered":"Decrescita e Salute: l&#8217;azione locale dovrebbe essere associata a politiche globali e alla governance per la salute"},"content":{"rendered":"<p><a href=\"http:\/\/eduardomissoni.info\/wp-content\/uploads\/chiocciola_decrescita.jpg\"><img loading=\"lazy\" decoding=\"async\" class=\"alignleft  wp-image-1521\" src=\"http:\/\/eduardomissoni.info\/wp-content\/uploads\/chiocciola_decrescita.jpg\" alt=\"chiocciola_decrescita\" width=\"211\" height=\"131\" \/><\/a>Il volume e l&#8217;aumento delle spese nel settore sanitario contribuiscono alla crescita economica, ma non sempre sono correlate con una miglior salute. Un\u2019insoddisfacente evoluzione dello stato di salute, le inefficienze e i costi elevati dei sistemi sanitari, sono invece legati alla globalizzazione di una societ\u00e0 basata sulla crescita, dominata da idee economiche neoliberiste e politiche di privatizzazione, deregolamentazione e liberalizzazione. Un approccio come quello della decrescita, inteso come una cornice che collega diversi concetti, idee e proposte alternativi alla crescita come obiettivo primario della societ\u00e0, pu\u00f2 contribuire ad un miglioramento della salute e ad un uso pi\u00f9 efficiente dei sistemi sanitari. Tuttavia, la sola azione per il cambiamento dei comportamenti individuali e collettivi non \u00e8 sufficiente ad influenzare i determinanti sociali e a contrastare le potenti e pericolose forze del mercato. La qualit\u00e0 e le caratteristiche delle politiche sanitarie devono essere ripensate, e le politiche pubbliche in tutti i settori dovrebbero essere formulate tenendo in considerazione il loro impatto sulla salute. Uno spostamento di paradigma verso una societ\u00e0 della decrescita pi\u00f9 attenta, equa e sostenibile richieder\u00e0 politiche di sostegno a livello nazionale e l&#8217;impegno dei cittadini a livello comunitario. Tuttavia, a causa dell&#8217;interdipendenza globale e delle inevitabili interazioni tra le forze globali e i sistemi nazionali, \u00e8 essenziale un profondo ripensamento della governance della salute globale e la sua riformulazione in governance mondiale per la salute. Per sostenere la decrescita e la salute, \u00e8 indispensabile costituire una forte alleanza tra leadership impegnate, nazionali e globali, tra queste soprattutto l&#8217;Organizzazione Mondiale della Sanit\u00e0, e una societ\u00e0 civile attiva, ben informata, interconnessa a livello transnazionale, che miri a includere e difendere gli obiettivi e le priorit\u00e0 della salute in tutte le politiche e a tutti i livelli, anche mediante la regolazione delle forze di mercato a livello mondiale.<\/p>\n<p><a href=\"http:\/\/link.springer.com\/content\/pdf\/10.1007%2Fs11625-015-0300-1.pdf\">Leggi l&#8217;articolo originale in inglese <\/a><\/p>\n","protected":false},"excerpt":{"rendered":"<p>Il volume e l&#8217;aumento delle spese nel settore sanitario contribuiscono alla crescita economica, ma non sempre sono correlate con una miglior salute. Un\u2019insoddisfacente evoluzione dello stato di salute, le inefficienze e i costi elevati dei sistemi sanitari, sono invece legati &hellip; <a href=\"https:\/\/eduardomissoni.info\/?p=1520\">Continua a leggere<span class=\"meta-nav\">&rarr;<\/span><\/a><\/p>\n","protected":false},"author":1,"featured_media":0,"comment_status":"open","ping_status":"closed","sticky":false,"template":"","format":"standard","meta":{"footnotes":""},"categories":[47,19,18,48],"tags":[27,51,85,21,11,34],"class_list":["post-1520","post","type-post","status-publish","format-standard","hentry","category-governance-globale","category-oms","category-salute-globale-2","category-sviluppo-2","tag-crescita-economica","tag-crisi-economica","tag-decrescita","tag-organizzazione-mondiale-della-sanita","tag-salute-globale","tag-sviluppo"],"_links":{"self":[{"href":"https:\/\/eduardomissoni.info\/index.php?rest_route=\/wp\/v2\/posts\/1520","targetHints":{"allow":["GET"]}}],"collection":[{"href":"https:\/\/eduardomissoni.info\/index.php?rest_route=\/wp\/v2\/posts"}],"about":[{"href":"https:\/\/eduardomissoni.info\/index.php?rest_route=\/wp\/v2\/types\/post"}],"author":[{"embeddable":true,"href":"https:\/\/eduardomissoni.info\/index.php?rest_route=\/wp\/v2\/users\/1"}],"replies":[{"embeddable":true,"href":"https:\/\/eduardomissoni.info\/index.php?rest_route=%2Fwp%2Fv2%2Fcomments&post=1520"}],"version-history":[{"count":1,"href":"https:\/\/eduardomissoni.info\/index.php?rest_route=\/wp\/v2\/posts\/1520\/revisions"}],"predecessor-version":[{"id":1522,"href":"https:\/\/eduardomissoni.info\/index.php?rest_route=\/wp\/v2\/posts\/1520\/revisions\/1522"}],"wp:attachment":[{"href":"https:\/\/eduardomissoni.info\/index.php?rest_route=%2Fwp%2Fv2%2Fmedia&parent=1520"}],"wp:term":[{"taxonomy":"category","embeddable":true,"href":"https:\/\/eduardomissoni.info\/index.php?rest_route=%2Fwp%2Fv2%2Fcategories&post=1520"},{"taxonomy":"post_tag","embeddable":true,"href":"https:\/\/eduardomissoni.info\/index.php?rest_route=%2Fwp%2Fv2%2Ftags&post=1520"}],"curies":[{"name":"wp","href":"https:\/\/api.w.org\/{rel}","templated":true}]}}