{"id":2091,"date":"2019-07-20T23:43:48","date_gmt":"2019-07-21T01:44:09","guid":{"rendered":"http:\/\/eduardomissoni.info\/?p=2091"},"modified":"2019-07-21T01:44:15","modified_gmt":"2019-07-21T01:44:15","slug":"hace-40-anos-en-nicaragua-triunfaba-la-revolucion-sandinista","status":"publish","type":"post","link":"https:\/\/eduardomissoni.info\/?p=2091","title":{"rendered":"Hace 40 a\u00f1os en Nicaragua triunfaba la Revoluci\u00f3n sandinista"},"content":{"rendered":"\n<div class=\"wp-block-image\"><figure class=\"alignleft is-resized\"><img loading=\"lazy\" decoding=\"async\" src=\"http:\/\/eduardomissoni.info\/wp-content\/uploads\/alfabetizacion.jpg\" alt=\"This image has an empty alt attribute; its file name is alfabetizacion.jpg\" width=\"368\" height=\"244\"\/><figcaption>Las brigadistas de la alfabetizaci\u00f3n en una de las comunidades del municipio de Terrabona<\/figcaption><\/figure><\/div>\n\n\n\n<p>En el cuarenta aniversario de la Revoluci\u00f3n sandinista en Nicaragua, vuelvo a proponer la lectura de mi libro &#8220;Misa campesina. Un medico italiano en la Nicaragua revolucionaria&#8221;.<\/p>\n\n\n\n<p>Tuve la suerte de compartir los a\u00f1os m\u00e1s bellos y llenos de esperanza de aquel proceso revolucionario de reconstrucci\u00f3n, despu\u00e9s de d\u00e9cadas de feroz dictadura somocista y una larga guerra de insurreci\u00f3n. <\/p>\n\n\n\n<p> El libro que cuenta mi experiencia en aquellos a\u00f1os fue publicado por primera vez en italiano en 2001. Diez a\u00f1os despu\u00e9s lo publiqu\u00e9 en espa\u00f1ol. En la introducci\u00f3n a la nueva edici\u00f3n refexionaba sobre la nueva situaci\u00f3n del pa\u00eds. <\/p>\n\n\n\n<p>  <em>&#8220;Cuando llegu\u00e9 la primera vez a Terrabona no hab\u00eda ni luz el\u00e9ctrica, pero  el camino estaba alumbrado por el entusiasmo de miles de j\u00f3venes  empe\u00f1ados en la construcci\u00f3n de una sociedad libre, no s\u00f3lo de la  dictadura, sino de la miseria, del hambre, del analfabetismo, de las  enfermedades evitables. Un compromiso que muchos j\u00f3venes de otros pa\u00edses  compart\u00edamos, porque ese sue\u00f1oera tambi\u00e9n el nuestro. TODO HA CAMBIADO.&#8221;<\/em><\/p>\n\n\n\n<p>Desde 2011 la situaci\u00f3n ha cambiado ulteriormente y es muy triste para quienes como yo compartimos con entusiasmo &#8211; pero no con ojos cerrados &#8211; el proyeto revolucionario hasta considerar a Nicaragua como nuestra segunda patria, ver como el Pa\u00eds volvi\u00f3 bajo un r\u00e9gimen autoritario y el mando de una dinast\u00eda familiar. <\/p>\n\n\n\n<p>Les invito a retomar la lectura de mi libro y descubrir como algunas se\u00f1ales de una potencial desviaci\u00f3n del proceso ya eran palpables desde los primero a\u00f1os.<\/p>\n\n\n\n<p>El libro se puede bajar de la red o comprar online:<br><a rel=\"noreferrer noopener\" href=\"https:\/\/www.bubok.es\/libros\/203562\/Misa-Campesina?fbclid=IwAR19lYQZa7W2NHUmTycFm-oLAt3y_unvIs7Ds4TTIuA_WJPf5EfChE8kDWA\" target=\"_blank\">https:\/\/www.bubok.es\/libros\/203562\/Misa-Campesina<\/a> (en Europa);<br><a rel=\"noreferrer noopener\" href=\"https:\/\/www.bubok.co\/libros\/210503\/Misa-Campesina?fbclid=IwAR0BDfF0lwwccAd-pNzRC5WadpTOOCoHRM_X2L7nEWdyJA0CQAUEbhyqHLg\" target=\"_blank\">https:\/\/www.bubok.co\/libros\/210503\/Misa-Campesina<\/a> (en Colombia);<br><a rel=\"noreferrer noopener\" href=\"https:\/\/www.bubok.com.ar\/libros\/193035\/Misa-Campesina?fbclid=IwAR3E5lPNM9_CiXyRykuOIZiCuIEL_mGBRYdwQJaz1AbH4929tOb8n0EDOws\" target=\"_blank\">https:\/\/www.bubok.com.ar\/libros\/193035\/Misa-Campesina<\/a> (en Argentina);<br><a rel=\"noreferrer noopener\" href=\"https:\/\/www.bubok.com.mx\/libros\/192626\/Misa-Campesina?fbclid=IwAR1U0ikjJiMPLGx0MYfP2e_6AlFau3EtGD8SIiP-jW5bbLnrW0r4uHJ1EMA\" target=\"_blank\">https:\/\/www.bubok.com.mx\/libros\/192626\/Misa-Campesina<\/a> (en M\u00e9xico).<br> <\/p>\n\n\n\n<p>Tambi\u00e9n pueden leer <a href=\"http:\/\/ http:\/\/eduardomissoni.info\/?page_id=735\">aqui<\/a> el prefacio de Isabel Allende Bussi y los comentarios de algunos lectores.<\/p>\n","protected":false},"excerpt":{"rendered":"<p>En el cuarenta aniversario de la Revoluci\u00f3n sandinista en Nicaragua, vuelvo a proponer la lectura de mi libro &#8220;Misa campesina. Un medico italiano en la Nicaragua revolucionaria&#8221;. Tuve la suerte de compartir los a\u00f1os m\u00e1s bellos y llenos de esperanza &hellip; <a href=\"https:\/\/eduardomissoni.info\/?p=2091\">Continua a leggere<span class=\"meta-nav\">&rarr;<\/span><\/a><\/p>\n","protected":false},"author":1,"featured_media":0,"comment_status":"open","ping_status":"closed","sticky":false,"template":"","format":"standard","meta":{"footnotes":""},"categories":[1],"tags":[],"class_list":["post-2091","post","type-post","status-publish","format-standard","hentry","category-uncategorized"],"_links":{"self":[{"href":"https:\/\/eduardomissoni.info\/index.php?rest_route=\/wp\/v2\/posts\/2091","targetHints":{"allow":["GET"]}}],"collection":[{"href":"https:\/\/eduardomissoni.info\/index.php?rest_route=\/wp\/v2\/posts"}],"about":[{"href":"https:\/\/eduardomissoni.info\/index.php?rest_route=\/wp\/v2\/types\/post"}],"author":[{"embeddable":true,"href":"https:\/\/eduardomissoni.info\/index.php?rest_route=\/wp\/v2\/users\/1"}],"replies":[{"embeddable":true,"href":"https:\/\/eduardomissoni.info\/index.php?rest_route=%2Fwp%2Fv2%2Fcomments&post=2091"}],"version-history":[{"count":1,"href":"https:\/\/eduardomissoni.info\/index.php?rest_route=\/wp\/v2\/posts\/2091\/revisions"}],"predecessor-version":[{"id":2092,"href":"https:\/\/eduardomissoni.info\/index.php?rest_route=\/wp\/v2\/posts\/2091\/revisions\/2092"}],"wp:attachment":[{"href":"https:\/\/eduardomissoni.info\/index.php?rest_route=%2Fwp%2Fv2%2Fmedia&parent=2091"}],"wp:term":[{"taxonomy":"category","embeddable":true,"href":"https:\/\/eduardomissoni.info\/index.php?rest_route=%2Fwp%2Fv2%2Fcategories&post=2091"},{"taxonomy":"post_tag","embeddable":true,"href":"https:\/\/eduardomissoni.info\/index.php?rest_route=%2Fwp%2Fv2%2Ftags&post=2091"}],"curies":[{"name":"wp","href":"https:\/\/api.w.org\/{rel}","templated":true}]}}