{"id":2555,"date":"2021-05-27T14:44:27","date_gmt":"2021-05-27T14:44:27","guid":{"rendered":"http:\/\/eduardomissoni.info\/?p=2555"},"modified":"2021-05-27T17:02:52","modified_gmt":"2021-05-27T17:02:52","slug":"covid-moratoria-sulla-vaccinazione-ai-bambini","status":"publish","type":"post","link":"https:\/\/eduardomissoni.info\/?p=2555","title":{"rendered":"Covid, moratoria sulla vaccinazione ai bambini"},"content":{"rendered":"\n<p>Pi\u00f9 di mille<strong> i sanitari<\/strong> che hanno aderito alla <a href=\"https:\/\/www.sostenibilitaesalute.org\/rete-sostenibilita-e-salute-vaccino-covid-ai-bambini-moratoria-subito\/\" target=\"_blank\" rel=\"noreferrer noopener\"><strong>moratoria<\/strong> promossa dalle associazioni della <strong>Rete Sostenibilit\u00e0 e Salute<\/strong> (RSS)<\/a> &#8211; di cui fa parte anche l&#8217;associazione <a href=\"http:\/\/saluteglobale.it\">saluteglobale.it<\/a> cui adersico &#8211; con cui chiedimao di <strong>non avviare la vaccinazione anti-Covid per i bambini<\/strong>. L\u2019appello della RSS fa seguito a analoghi appelli di 93 medici israeliani e 40 ricercatori del Regno Unito.<\/p>\n\n\n\n<div class=\"wp-block-media-text alignwide is-stacked-on-mobile is-image-fill\" style=\"grid-template-columns:47% auto\"><figure class=\"wp-block-media-text__media\" style=\"background-image:url(http:\/\/eduardomissoni.info\/wp-content\/uploads\/38-1.jpg);background-position:17% 49%\"><img loading=\"lazy\" decoding=\"async\" width=\"931\" height=\"640\" src=\"http:\/\/eduardomissoni.info\/wp-content\/uploads\/38-1.jpg\" alt=\"\" class=\"wp-image-2557 size-full\" srcset=\"https:\/\/eduardomissoni.info\/wp-content\/uploads\/38-1.jpg 931w, https:\/\/eduardomissoni.info\/wp-content\/uploads\/38-1-300x206.jpg 300w, https:\/\/eduardomissoni.info\/wp-content\/uploads\/38-1-768x528.jpg 768w\" sizes=\"auto, (max-width: 931px) 100vw, 931px\" \/><\/figure><div class=\"wp-block-media-text__content\">\n<p class=\"has-normal-font-size\">Perch\u00e9 non si debba procedere con la vaccinazione anti-Covid-19 dei bambini, l&#8217;ho spiegato a <em>ilFattoQuotidiano.it<\/em> in una <a rel=\"noreferrer noopener\" href=\"https:\/\/www.ilfattoquotidiano.it\/2021\/05\/26\/covid-anche-in-italia-appello-di-medici-e-sanitari-per-la-moratoria-contro-la-vaccinazione-ai-bambini-richiesta-su-basi-scientifiche\/6210722\/\" target=\"_blank\">intervista pubblicata il 26 di maggio<\/a>. Ho ricordato come nel prendermi cura delle popolazioni del Nicargaua &#8211; dove ero un volontario nella cooperazione internazionale &#8211; ero anche impegnato nelle campagne di vaccinazioni (<em>nella foto<\/em>) e come, pi\u00f9 tardi come funzionario dell\u2019Unicef abbia promosso le vaccinazioni nell&#8217;infanzia con quell&#8217;organizzaione. Dunque qualunque sospetto che io sia genericamente un &#8220;no-vax&#8221; deve essere immediatamente dissipato.<\/p>\n<\/div><\/div>\n\n\n\n<p>Lo stesso vale per la  Rete Sostenibilit\u00e0 e Salute. Pi\u00f9 che no-vax a noi interessa esaminare con rigore scientifico le principali questioni di sanit\u00e0 pubblica: semmai riguardo ai vaccini siamo <strong>Info-vax.<\/strong> <\/p>\n\n\n\n<p><strong>Chiediamo un aperto e libero dibattito scientifico<\/strong>, che invece attualmente \u00e8 represso. Siamo di fronte ad un atteggiamento che dogmatico e unilaterale con molta scienza per diverse ragioni (Narcisismo? Convenienza? Comodit\u00e0? Carriera?) appare in diverso modo associata alla politica (e forse non solo a quella, visto i molteplici conflitti d&#8217;interesse che emergono se si vanno ad esaminare le pubblicazioni scientifiche riguardanti i trial sui vaccini).  <\/p>\n\n\n\n<p>Invece dovremmo cogliere l&#8217;occasione, come ci dice <a rel=\"noreferrer noopener\" href=\"https:\/\/www.raffaellocortina.it\/scheda-libro\/edgar-morin\/cambiamo-strada-9788832852639-3298.html\" target=\"_blank\">Edgar Morin<\/a>, &#8220;per comprendere che la scienza non ha un repertorio di verit\u00e0 assolute&#8221; e che &#8220;le controversie, lungi dal costituire delle anomalie, sono necessaeie ai progressi della scienza&#8221;.<\/p>\n\n\n\n<p> La RSS e i firmatari della Moratoria chiedono di non vaccinare i bambini per almeno tre motivi: <\/p>\n\n\n\n<p>&#8211; <strong>i bambini sono a rischio minimo di Covid<\/strong>, dai 18 anni in gi\u00f9 il rischio per i giovanissimi \u00e8 irrilevante. Lo dimostrano anche i dati dell&#8217;Istituto Superiore di Sanit\u00e0.  <\/p>\n\n\n\n<p>&#8211; Sappiamo anche che <strong>il vaccino protegge dalla malattia chi lo riceve<\/strong>, e riduce ma <strong>non evita l\u2019infezione e la possibilit\u00e0 di contagiare altri<\/strong>. <\/p>\n\n\n\n<p>&#8211; I bambini <strong>non sono fonte di contagi-cluster significativi <\/strong>per gli adulti, \u00e8 soprattutto vero l\u2019inverso\u201d.<\/p>\n\n\n\n<p>Non sono poche le incognite sui vaccini anti Covid. Se si pu\u00f2 giustificare la vaccinazione delle categorie a maggior rischio, non si giustifica la vaccinazione a tappeto e men che meno nell&#8217;et\u00e0  pediatrica.  Il rischio di contrarre la Covid19  nei bambini \u00e8 decisamente ridotto &#8211; come ci mostrano le curve epidemiche, a fronte di <strong>rischi non noti, a lungo termine o su larga scala<\/strong>, <strong>derivanti dalla inoculazione di prodotti transgenici<\/strong> (peraltro introdotti sul mercato <strong>senza aver completato la fase 3 di sperimentazione<\/strong>) nell\u2019organismo in rapida evoluzione del bambino. Nell&#8217;infanzia pi\u00f9 che mai s&#8217;impone il <strong>principio precauzionale<\/strong>.<\/p>\n","protected":false},"excerpt":{"rendered":"<p>Pi\u00f9 di mille i sanitari che hanno aderito alla moratoria promossa dalle associazioni della Rete Sostenibilit\u00e0 e Salute (RSS) &#8211; di cui fa parte anche l&#8217;associazione saluteglobale.it cui adersico &#8211; con cui chiedimao di non avviare la vaccinazione anti-Covid per &hellip; <a href=\"https:\/\/eduardomissoni.info\/?p=2555\">Continua a leggere<span class=\"meta-nav\">&rarr;<\/span><\/a><\/p>\n","protected":false},"author":1,"featured_media":0,"comment_status":"open","ping_status":"closed","sticky":false,"template":"","format":"standard","meta":{"footnotes":""},"categories":[1],"tags":[],"class_list":["post-2555","post","type-post","status-publish","format-standard","hentry","category-uncategorized"],"_links":{"self":[{"href":"https:\/\/eduardomissoni.info\/index.php?rest_route=\/wp\/v2\/posts\/2555","targetHints":{"allow":["GET"]}}],"collection":[{"href":"https:\/\/eduardomissoni.info\/index.php?rest_route=\/wp\/v2\/posts"}],"about":[{"href":"https:\/\/eduardomissoni.info\/index.php?rest_route=\/wp\/v2\/types\/post"}],"author":[{"embeddable":true,"href":"https:\/\/eduardomissoni.info\/index.php?rest_route=\/wp\/v2\/users\/1"}],"replies":[{"embeddable":true,"href":"https:\/\/eduardomissoni.info\/index.php?rest_route=%2Fwp%2Fv2%2Fcomments&post=2555"}],"version-history":[{"count":1,"href":"https:\/\/eduardomissoni.info\/index.php?rest_route=\/wp\/v2\/posts\/2555\/revisions"}],"predecessor-version":[{"id":2558,"href":"https:\/\/eduardomissoni.info\/index.php?rest_route=\/wp\/v2\/posts\/2555\/revisions\/2558"}],"wp:attachment":[{"href":"https:\/\/eduardomissoni.info\/index.php?rest_route=%2Fwp%2Fv2%2Fmedia&parent=2555"}],"wp:term":[{"taxonomy":"category","embeddable":true,"href":"https:\/\/eduardomissoni.info\/index.php?rest_route=%2Fwp%2Fv2%2Fcategories&post=2555"},{"taxonomy":"post_tag","embeddable":true,"href":"https:\/\/eduardomissoni.info\/index.php?rest_route=%2Fwp%2Fv2%2Ftags&post=2555"}],"curies":[{"name":"wp","href":"https:\/\/api.w.org\/{rel}","templated":true}]}}