{"id":2565,"date":"2021-05-27T14:44:27","date_gmt":"2021-05-27T17:42:46","guid":{"rendered":"http:\/\/eduardomissoni.info\/?p=2565"},"modified":"2021-05-27T17:42:49","modified_gmt":"2021-05-27T17:42:49","slug":"covid-moratoria-para-la-vacuna-en-los-ninos","status":"publish","type":"post","link":"https:\/\/eduardomissoni.info\/?p=2565","title":{"rendered":"Covid, moratoria para la vacuna en los ni\u00f1os"},"content":{"rendered":"\n<p>M\u00e1s de un millar de profesionales de la salud se han sumado a la moratoria promovida por las asociaciones de la Red Sostenibilidad y Salud (RSS) -de la que forma parte la asociaci\u00f3n saluteglobale.it de la cual soy miembro &#8211; pidiendo que <strong>no se ponga en marcha la vacunaci\u00f3n anti-Covid para los ni\u00f1os<\/strong>. El llamado de la RSS sigue a otros similares de 93 m\u00e9dicos israel\u00edes y 40 investigadores del Reino Unido.<\/p>\n\n\n\n<p>En una entrevista  al peri\u00f3dico <a rel=\"noreferrer noopener\" href=\"https:\/\/www.ilfattoquotidiano.it\/2021\/05\/26\/covid-anche-in-italia-appello-di-medici-e-sanitari-per-la-moratoria-contro-la-vaccinazione-ai-bambini-richiesta-su-basi-scientifiche\/6210722\/\" target=\"_blank\">ilFattoQuotidiano.it<\/a> publicada el 26 de mayo he explicado por qu\u00e9 no se debe proceder a la vacunaci\u00f3n anti-Covid-19 de los ni\u00f1os. <\/p>\n\n\n\n<div class=\"wp-block-media-text alignwide is-stacked-on-mobile is-image-fill\" style=\"grid-template-columns:47% auto\"><figure class=\"wp-block-media-text__media\" style=\"background-image:url(http:\/\/eduardomissoni.info\/wp-content\/uploads\/38-3.jpg);background-position:15% 55.00000000000001%\"><img loading=\"lazy\" decoding=\"async\" width=\"931\" height=\"640\" src=\"http:\/\/eduardomissoni.info\/wp-content\/uploads\/38-3.jpg\" alt=\"\" class=\"wp-image-2566 size-full\" srcset=\"https:\/\/eduardomissoni.info\/wp-content\/uploads\/38-3.jpg 931w, https:\/\/eduardomissoni.info\/wp-content\/uploads\/38-3-300x206.jpg 300w, https:\/\/eduardomissoni.info\/wp-content\/uploads\/38-3-768x528.jpg 768w\" sizes=\"auto, (max-width: 931px) 100vw, 931px\" \/><\/figure><div class=\"wp-block-media-text__content\">\n<p class=\"has-normal-font-size\">En la entrevista antes que todo record\u00e9 que cuando atend\u00ed a la poblaci\u00f3n de Nicaragua -como m\u00e9dico voluntario en la  cooperaci\u00f3n internacional- tambi\u00e9n particip\u00e9 en campa\u00f1as de vacunaci\u00f3n (en la foto) y m\u00e1s tarde, como funcionario de Unicef promov\u00ed la vacunaci\u00f3n infantil con esa organizaci\u00f3n. As\u00ed que cualquier sospecha de que yo pueda ser gen\u00e9ricamente un &#8220;no-vax&#8221; debe ser inmediatamente disipada.<\/p>\n<\/div><\/div>\n\n\n\n<p>Lo mismo se aplica a la Red de Sostenibilidad y Salud. M\u00e1s que no-vax nos interesa examinar con rigor cient\u00edfico las principales cuestiones de salud p\u00fablica: si acaso, en relaci\u00f3n a las vacunas somos <strong>Info-vax<\/strong>.<\/p>\n\n\n\n<p>Pedimos un debate cient\u00edfico abierto y libre, que actualmente est\u00e1 reprimido. Nos encontramos ante una actitud dogm\u00e1tica y unilateral con mucha ciencia que por diferentes motivos (\u00bfnarcisismo? \u00bfConveniencia? \u00bfCarrera?) aparece de diferentes maneras asociada a la pol\u00edtica (y quiz\u00e1s no s\u00f3lo a la pol\u00edtica, dados los m\u00faltiples conflictos de intereses que se individuan si se van a examinar las publicaciones cient\u00edficas sobre ensayos de vacunas).<\/p>\n\n\n\n<p>En cambio, debemos aprovechar la oportunidad, como nos dice Edgar Morin, &#8220;para comprender que la ciencia no tiene un repertorio de verdades absolutas&#8221; y que &#8220;las controversias, lejos de ser anomal\u00edas, son necesarias para el progreso de la ciencia&#8221;.<\/p>\n\n\n\n<p>La RSS y los firmantes de la Moratoria piden que no se vacune a los ni\u00f1os por al menos tres razones:<\/p>\n\n\n\n<p>&#8211; <strong>Los ni\u00f1os tienen un riesgo m\u00ednimo de Covid<\/strong>, a partir de los 18 a\u00f1os el riesgo para los m\u00e1s peque\u00f1os es insignificante. Los datos del Istituto Superiore di Sanit\u00e0 (<em>el Instituto nacional de salud p\u00edublica italiano<\/em>) tambi\u00e9n lo demuestran.<\/p>\n\n\n\n<p>&#8211; Tambi\u00e9n sabemos que la vacuna protege de la enfermedad a quienes la reciben, y reduce pero <strong>no evita la infecci\u00f3n y la posibilidad de infectar a otros.<\/strong><\/p>\n\n\n\n<p>&#8211; Los ni\u00f1os no son una fuente de contagio significativa para los adultos, es especialmente cierto lo contrario.<\/p>\n\n\n\n<p>No son pocas las <strong>inc\u00f3gnitas sobre las vacunas Covid<\/strong>. Si se puede justificar la vacunaci\u00f3n de las categor\u00edas de mayor riesgo, no se puede justificar la vacunaci\u00f3n de masa y menos en edad pedi\u00e1trica. <\/p>\n\n\n\n<p><strong>El riesgo de contraer Covid19 en los ni\u00f1os es decididamente reducido<\/strong> -como nos muestran las curvas epid\u00e9micas- frente a <strong>potenciales riesgos desconocidos, a largo plazo o a gran escala<\/strong>, derivados de la inoculaci\u00f3n de productos transg\u00e9nicos (adem\u00e1s introducidos en el mercado sin haber completado la fase 3 de experimentaci\u00f3n) en el organismo de los ni\u00f1os, que evoluciona r\u00e1pidamente. El <strong>principio de precauci\u00f3n<\/strong> es m\u00e1s importante que nunca en la infancia.<\/p>\n","protected":false},"excerpt":{"rendered":"<p>M\u00e1s de un millar de profesionales de la salud se han sumado a la moratoria promovida por las asociaciones de la Red Sostenibilidad y Salud (RSS) -de la que forma parte la asociaci\u00f3n saluteglobale.it de la cual soy miembro &#8211; &hellip; <a href=\"https:\/\/eduardomissoni.info\/?p=2565\">Continua a leggere<span class=\"meta-nav\">&rarr;<\/span><\/a><\/p>\n","protected":false},"author":1,"featured_media":0,"comment_status":"open","ping_status":"closed","sticky":false,"template":"","format":"standard","meta":{"footnotes":""},"categories":[18,1],"tags":[219],"class_list":["post-2565","post","type-post","status-publish","format-standard","hentry","category-salute-globale-2","category-uncategorized","tag-vacunas"],"_links":{"self":[{"href":"https:\/\/eduardomissoni.info\/index.php?rest_route=\/wp\/v2\/posts\/2565","targetHints":{"allow":["GET"]}}],"collection":[{"href":"https:\/\/eduardomissoni.info\/index.php?rest_route=\/wp\/v2\/posts"}],"about":[{"href":"https:\/\/eduardomissoni.info\/index.php?rest_route=\/wp\/v2\/types\/post"}],"author":[{"embeddable":true,"href":"https:\/\/eduardomissoni.info\/index.php?rest_route=\/wp\/v2\/users\/1"}],"replies":[{"embeddable":true,"href":"https:\/\/eduardomissoni.info\/index.php?rest_route=%2Fwp%2Fv2%2Fcomments&post=2565"}],"version-history":[{"count":1,"href":"https:\/\/eduardomissoni.info\/index.php?rest_route=\/wp\/v2\/posts\/2565\/revisions"}],"predecessor-version":[{"id":2567,"href":"https:\/\/eduardomissoni.info\/index.php?rest_route=\/wp\/v2\/posts\/2565\/revisions\/2567"}],"wp:attachment":[{"href":"https:\/\/eduardomissoni.info\/index.php?rest_route=%2Fwp%2Fv2%2Fmedia&parent=2565"}],"wp:term":[{"taxonomy":"category","embeddable":true,"href":"https:\/\/eduardomissoni.info\/index.php?rest_route=%2Fwp%2Fv2%2Fcategories&post=2565"},{"taxonomy":"post_tag","embeddable":true,"href":"https:\/\/eduardomissoni.info\/index.php?rest_route=%2Fwp%2Fv2%2Ftags&post=2565"}],"curies":[{"name":"wp","href":"https:\/\/api.w.org\/{rel}","templated":true}]}}