{"id":2584,"date":"2021-06-19T19:02:53","date_gmt":"2021-06-19T19:02:53","guid":{"rendered":"http:\/\/eduardomissoni.info\/?p=2584"},"modified":"2021-06-19T19:02:56","modified_gmt":"2021-06-19T19:02:56","slug":"no-alla-vaccinazione-contro-il-covid19-dei-bambini","status":"publish","type":"post","link":"https:\/\/eduardomissoni.info\/?p=2584","title":{"rendered":"No alla vaccinazione contro il Covid19 dei bambini."},"content":{"rendered":"\n<p>Il 16 giugno 202i su invito del Sen. Armando Siri sono intervenuto in Senato per esporre le ragioni della Rete Sostenibilit\u00e0 e Salute e del suo <strong>Appello  per la Moratoria alla vaccinazione anti covid-19 ai bambini.<\/strong><\/p>\n\n\n\n<figure class=\"wp-block-embed is-type-video is-provider-youtube wp-block-embed-youtube wp-embed-aspect-16-9 wp-has-aspect-ratio\"><div class=\"wp-block-embed__wrapper\">\nhttps:\/\/youtu.be\/bTtrNwMzeLo?t=1864\n<\/div><\/figure>\n\n\n\n<p>Di seguito riporto i punti toccati nel mio intervento.<\/p>\n\n\n\n<h2 class=\"wp-block-heading\"><strong>Riferimento all\u2019Appello della Rete Sostenibilit\u00e0 e Salute per moratoria alla vaccinazione anti covid-19 ai bambin<\/strong><\/h2>\n\n\n\n<p>L\u2019appello \u00e8 stato scritto e firmato da varie Associazioni mediche italiane, da medici e operatori sanitari impegnati in vari settori del Sistema Sanitario, nel campo della ricerca di base e universitaria, della prevenzione e della cura dei malati di COVID-19.<\/p>\n\n\n\n<p>Non vogliamo essere assimilati a \u201cno-vax\u201d chiediamo un <strong>confronto aperto e basato sulle evidenze<\/strong> e su ricerche realizzate <strong>in assenza di conflitti di interesse<\/strong><\/p>\n\n\n\n<h2 class=\"wp-block-heading\"><strong>Non vi sono benefici diretti o indiretti<\/strong><\/h2>\n\n\n\n<p>I bambini si infettano, ma di solito <strong>non si ammalano<\/strong>, se non con quadri clinici lievi e moderati.<\/p>\n\n\n\n<p>Per i vaccini Covid-19, i potenziali benefici sono chiari per anziani e vulnerabili, non per i bambini;<\/p>\n\n\n\n<p>Dati ISTAT-ISS: \u201cVariazione dei decessi per il complesso delle cause, per genere, classe di et\u00e0 e ripartizione. Primo trimestre del 2021 vs 2015-2019\u201d mostra per et\u00e0 0-49 la riduzione della mortalit\u00e0<\/p>\n\n\n\n<p>I rischi derivanti dalla mancata vaccinazione dei bambini sono nulli.<\/p>\n\n\n\n<p>La contagiosit\u00e0 dei bambini \u00e8 molto bassa.<\/p>\n\n\n\n<p>Si stima che sotto i 20 anni la suscettibilit\u00e0 all\u2019infezione sia circa la met\u00e0 rispetto a chi ha pi\u00f9 di 20 anni.<\/p>\n\n\n\n<p>Paesi che hanno tenuto aperte le scuole primarie mostrano il ruolo limitato dei bambini nel sostenere le trasmissioni e dagli screening effettuati nelle scuole sappiamo che esse sono uno dei luoghi pi\u00f9 sicuri.<\/p>\n\n\n\n<h2 class=\"wp-block-heading\"><strong>Immunit\u00e0 di gregge<\/strong><\/h2>\n\n\n\n<p>\u00c8 poco plausibile che si consegua l\u2019immunit\u00e0 di gregge attraverso la sola vaccinazione di massa, perch\u00e9:<\/p>\n\n\n\n<p>I <strong>vaccini prevengono solo in parte la trasmissione del virus <\/strong>nella popolazione (e verso alcune varianti non pare vero neppure questo).<\/p>\n\n\n\n<p>Viaviamo in una societ\u00e0 globalizzata. Moltissimi paesi non sono nemmeno in grado di vaccinare la popolazione a maggior rischio. Vi sono signiifcative differenze di coipertura anche tra diverse aree di uno stesso Paese.<\/p>\n\n\n\n<p>Emergono <strong>varianti<\/strong>, anche resistenti al vaccino, che si diffondono velocemente con gli spostamenti della popolazione.<\/p>\n\n\n\n<p>Alti tassi di immunizzazione potrebbero creare una <strong>pressione selettiva <\/strong>che creerebbe un vantaggio per le varianti che quindi potrebbero infettare anche i vaccinati. Quanto pi\u00f9 il virus si trova in un ambiente ostile (popolazione vaccinate) tanto pi\u00f9 tendono ad affermarsi le varianti pi\u00f9 virulente.<\/p>\n\n\n\n<p>Conservare una parte di popolazione non a rischio (bambini e adolescenti) non vaccinata permette la circolazione del virus senza esercitare la pressione selettiva contribuendo alla naturale estinzione dell&#8217;epidemia.<\/p>\n\n\n\n<p>Non sono ancora noti il livello e la durata della protezione fornita dal vaccino.<\/p>\n\n\n\n<p>I vaccinati potrebbero essere spinti ad adottare un comportamento meno &#8220;attento\u201d e trasformarsi nei principali diffusori del contagio.<\/p>\n\n\n\n<p>Diverse specie animali (feline, primate, roditori) sono serbatoi del virus.<\/p>\n\n\n\n<h2 class=\"wp-block-heading\"><strong>Potenziali conseguenze negative della vaccinazione<\/strong><\/h2>\n\n\n\n<p><strong>Ritardando l\u2019et\u00e0 d\u2019insorgenza di una infezione naturale<\/strong>, nei bambini quasi sempre lieve o asintomatica, si espongano gli individui, con l\u2019avanzare dell\u2019et\u00e0, a infezioni da Sars-CoV-2 che comportano rischi maggiori e malattie progressivamente pi\u00f9 gravi (<em>Lavine J et al. BMJ 2021<\/em>).&nbsp;&nbsp;&nbsp;<\/p>\n\n\n\n<p>I <strong>bambini sono pi\u00f9 suscettibili a effetti avversi dei farmaci <\/strong>rispetto agli adulti, reagiscono in modo molto diverso nelle diverse et\u00e0. Le sperimentazioni dovrebbero tenere conto di queste specificit\u00e0, non applicare meccanicamente i criteri adottati per gli adulti. Nuove vaccinazioni nei calendari vaccinali potrebbero dare interazioni sconosciute anche con le vaccinazioni di routine.<\/p>\n\n\n\n<p>Le stesse <strong>compagnie farmaceutiche <\/strong>considerano l\u2019incognita effetti collaterali troppo rischiosa al punto che nei contratti con i governi hanno imposto la loro <strong>\u201cnon liability\u201d declinando ogni responsabilit\u00e0, trasferendola a istituzioni e operatori<\/strong>.<\/p>\n\n\n\n<h2 class=\"wp-block-heading\"><strong>Sottostima degli eventi avversi<\/strong><\/h2>\n\n\n\n<p>Reazioni anafilattiche, effetti gravi, ad esempio sulle piastrine o sulla pressione arteriosa (i vaccini, analogamente al coronavirus, esprimono la proteina <em>spike<\/em> e interferiscono con la regolazione di pressione arteriosa e flusso polmonare).<\/p>\n\n\n\n<p>Vaccini realizzati con tecniche innovative possono avere effetti anche diversi da quelli finora riconosciuti.<\/p>\n\n\n\n<p>Teorica possibilit\u00e0 di ADE (<em>Antibody-Dependent Enhancement<\/em>), con rischio di malattia polmonare <strong>pi\u00f9 grave quando un vaccinato incontra i virus circolanti<\/strong>.<\/p>\n\n\n\n<p>Non \u00e8 chiaro se l\u2019incidenza, oggi modestissima, della sindrome infiammatoria multisistemica correlata a COVID-19 (MIS-C) nei bambini sia prevenuta o possa invece persino aumentare con le vaccinazioni, esempi:<\/p>\n\n\n\n<p>VAED (<em>Vaccine-Associated immune-mediated Enhanced Disease<\/em>), causata dall&#8217;interazione tra gli anticorpi indotti dal vaccino contro la Dengue e ceppi diversi del virus selvaggio, o<\/p>\n\n\n\n<p>VAERD (<em>Vaccine-Associated Enhanced Respiratory Disease<\/em>), una reazione respiratoria grave manifestatasi nel 1967 con il vaccino contro il virus respiratorio sinciziale, il cui inoculo non produceva anticorpi protettivi verso un successivo contagio con il virus selvaggio.<\/p>\n\n\n\n<p>Trombosi dei seni venosi cerebrali con trombocitopenia successivi alla vaccinazione<\/p>\n\n\n\n<p>Rischio di reazioni autoimmuni attraverso un priming patogeno per somiglianza con proteine umane di quasi tutte le parti di antigene (epitopi) del virus SARS-CoV-2 a cui si legano gli anticorpi specifici immunogenici.<\/p>\n\n\n\n<h2 class=\"wp-block-heading\"><strong>Incompleta sperimentazione<\/strong><\/h2>\n\n\n\n<p>lo studio che ha portato all\u2019approvazione dell\u2019uso del vaccino Pfizer- BioNTech ha riguardato 2260 adolescenti, dei quali solo 1131 hanno ricevuto il vaccino, i restanti un placebo. Sono stati osservati per due mesi, <strong>eventi rari ma pericolosi si potranno presentare nel corso degli anni quando i vaccinati diventeranno milioni<\/strong>.<\/p>\n\n\n\n<p>Con le vaccinazioni di massa negli adulti sono emersi i casi di <strong>trombosi<\/strong> dei seni venosi cerebrali con trombocitopenia successivi alla vaccinazione, soprattutto tra le donne, e stanno gi\u00e0 <strong>emergendo segnalazioni di casi di miocardite e pericardite soprattutto tra maschi di giovane et\u00e0<\/strong>.<\/p>\n\n\n\n<p>Non dobbiamo fronteggiare una condizione grave o pericolosa per la vita dei bambini, e quindi: <strong>Nessun bambino deve essere esposto a rischi immediati e noti, seppur transitori, n\u00e9 a quelli a medio e lungo termine, ancora non emersi <\/strong>(principio di precauzione <strong>\u00e8 imperativo etico<\/strong>)<\/p>\n\n\n\n<p>\u00c8 opportuno <strong>non autorizzare l&#8217;uso di emergenza dei vaccini<\/strong>, attendere le conclusioni di tutte le sperimentazioni, realizzare studi indipendenti e privi di conflitti d\u2019interessi, tornare ad applicare tutte le misure cautelative e le procedure standard per gli interventi profilattici, realizzare ampi programmi di sorveglianza attiva.<\/p>\n\n\n\n<p>In Italia la sorveglianza in atto \u00e8&nbsp;passiva, e questa&nbsp;<strong>sottostima in misura enorme gli effetti delle vaccinazioni<\/strong>, compresi quelli gravi.<\/p>\n\n\n\n<h2 class=\"wp-block-heading\"><strong>L\u2019esempio tedesco<\/strong><\/h2>\n\n\n\n<p><em>Robert Koch Institut<\/em>, consiglia la <strong>vaccinazione dei minori solo se obesi e portatori di alcune serie patologie<\/strong> (o contatti di soggetti ad alto rischio di Covid 19 grave che non si possano vaccinare), e la sconsiglia in tutti gli altri bambini e adolescenti.<\/p>\n\n\n\n<p>Analoga posizione di altri stati europei<\/p>\n\n\n\n<h2 class=\"wp-block-heading\"><strong>Aiutare davvero i bambini<\/strong><\/h2>\n\n\n\n<p>Fronteggiare una pandemia gravissima: obesit\u00e0. Con il corredo di malattie metaboliche, cardiovascolari, tumori, \u2026&nbsp;<\/p>\n\n\n\n<p>Promuovere un\u2019<strong>alimentazione sana<\/strong> e <strong>stili di vita adeguati<\/strong> a preservare le fisiologiche capacit\u00e0 difensive dell\u2019organismo contro tutte le infezioni e anche contro le malattie croniche e degenerative.<\/p>\n\n\n\n<p>Una vera transizione ecologica che richiede un forte <strong>impegno regolatorio e promotivo delle istituzioni.<\/strong><\/p>\n","protected":false},"excerpt":{"rendered":"<p>Il 16 giugno 202i su invito del Sen. Armando Siri sono intervenuto in Senato per esporre le ragioni della Rete Sostenibilit\u00e0 e Salute e del suo Appello per la Moratoria alla vaccinazione anti covid-19 ai bambini. Di seguito riporto i &hellip; <a href=\"https:\/\/eduardomissoni.info\/?p=2584\">Continua a leggere<span class=\"meta-nav\">&rarr;<\/span><\/a><\/p>\n","protected":false},"author":1,"featured_media":0,"comment_status":"open","ping_status":"closed","sticky":false,"template":"","format":"standard","meta":{"footnotes":""},"categories":[18,1],"tags":[180],"class_list":["post-2584","post","type-post","status-publish","format-standard","hentry","category-salute-globale-2","category-uncategorized","tag-vaccini"],"_links":{"self":[{"href":"https:\/\/eduardomissoni.info\/index.php?rest_route=\/wp\/v2\/posts\/2584","targetHints":{"allow":["GET"]}}],"collection":[{"href":"https:\/\/eduardomissoni.info\/index.php?rest_route=\/wp\/v2\/posts"}],"about":[{"href":"https:\/\/eduardomissoni.info\/index.php?rest_route=\/wp\/v2\/types\/post"}],"author":[{"embeddable":true,"href":"https:\/\/eduardomissoni.info\/index.php?rest_route=\/wp\/v2\/users\/1"}],"replies":[{"embeddable":true,"href":"https:\/\/eduardomissoni.info\/index.php?rest_route=%2Fwp%2Fv2%2Fcomments&post=2584"}],"version-history":[{"count":2,"href":"https:\/\/eduardomissoni.info\/index.php?rest_route=\/wp\/v2\/posts\/2584\/revisions"}],"predecessor-version":[{"id":2586,"href":"https:\/\/eduardomissoni.info\/index.php?rest_route=\/wp\/v2\/posts\/2584\/revisions\/2586"}],"wp:attachment":[{"href":"https:\/\/eduardomissoni.info\/index.php?rest_route=%2Fwp%2Fv2%2Fmedia&parent=2584"}],"wp:term":[{"taxonomy":"category","embeddable":true,"href":"https:\/\/eduardomissoni.info\/index.php?rest_route=%2Fwp%2Fv2%2Fcategories&post=2584"},{"taxonomy":"post_tag","embeddable":true,"href":"https:\/\/eduardomissoni.info\/index.php?rest_route=%2Fwp%2Fv2%2Ftags&post=2584"}],"curies":[{"name":"wp","href":"https:\/\/api.w.org\/{rel}","templated":true}]}}