{"id":3205,"date":"2024-12-24T19:21:19","date_gmt":"2024-12-25T16:19:37","guid":{"rendered":"https:\/\/eduardomissoni.info\/?p=3205"},"modified":"2024-12-25T16:26:22","modified_gmt":"2024-12-25T16:26:22","slug":"mi-pesebre-santa-navidad-2024","status":"publish","type":"post","link":"https:\/\/eduardomissoni.info\/?p=3205","title":{"rendered":"Mi Pesebre. Santa Navidad 2024"},"content":{"rendered":"\n<div class=\"wp-block-media-text is-stacked-on-mobile\" style=\"grid-template-columns:56% auto\"><figure class=\"wp-block-media-text__media\"><img loading=\"lazy\" decoding=\"async\" width=\"560\" height=\"1024\" src=\"https:\/\/eduardomissoni.info\/wp-content\/uploads\/Presepe-560x1024.jpeg\" alt=\"\" class=\"wp-image-3200 size-full\" srcset=\"https:\/\/eduardomissoni.info\/wp-content\/uploads\/Presepe-560x1024.jpeg 560w, https:\/\/eduardomissoni.info\/wp-content\/uploads\/Presepe-164x300.jpeg 164w, https:\/\/eduardomissoni.info\/wp-content\/uploads\/Presepe-768x1404.jpeg 768w, https:\/\/eduardomissoni.info\/wp-content\/uploads\/Presepe-840x1536.jpeg 840w, https:\/\/eduardomissoni.info\/wp-content\/uploads\/Presepe.jpeg 875w\" sizes=\"auto, (max-width: 560px) 100vw, 560px\" \/><\/figure><div class=\"wp-block-media-text__content\">\n<p>Este a\u00f1o he vuelto a montar el Pesebre con las mismas figuras de yeso con las que lo montaba de ni\u00f1o. Cuando coloqu\u00e9 al Ni\u00f1o \u00abenvuelto en pa\u00f1ales, acostado en un pesebre\u00bb, sent\u00ed fr\u00edo, el fr\u00edo de la Humanidad abrumada por el odio y la violencia del poder y del dinero. El fr\u00edo de la guerra, de todas las guerras. El fr\u00edo de la Naturaleza ultrajada y saqueada. El fr\u00edo del sufrimiento. Entonces cobij\u00e9 al Ni\u00f1o con una manta de solidaridad con su tierra y su pueblo, hoy sin embargo s\u00edmbolo de solidaridad con toda la Humanidad que sufre. Ese Ni\u00f1o nacido pobre en Palestina ayer como hoy, nos pide paz y justicia.<\/p>\n\n\n\n<p><strong>Paz<\/strong> para la humanidad, <strong>Paz<\/strong> con la Naturaleza, <strong>Paz<\/strong> en nuestros corazones.<\/p>\n<\/div><\/div>\n","protected":false},"excerpt":{"rendered":"<p>Este a\u00f1o he vuelto a montar el Pesebre con las mismas figuras de yeso con las que lo montaba de ni\u00f1o. Cuando coloqu\u00e9 al Ni\u00f1o \u00abenvuelto en pa\u00f1ales, acostado en un pesebre\u00bb, sent\u00ed fr\u00edo, el fr\u00edo de la Humanidad abrumada &hellip; <a href=\"https:\/\/eduardomissoni.info\/?p=3205\">Continua a leggere<span class=\"meta-nav\">&rarr;<\/span><\/a><\/p>\n","protected":false},"author":1,"featured_media":3200,"comment_status":"open","ping_status":"closed","sticky":false,"template":"","format":"standard","meta":{"footnotes":""},"categories":[],"tags":[],"class_list":["post-3205","post","type-post","status-publish","format-standard","has-post-thumbnail","hentry"],"_links":{"self":[{"href":"https:\/\/eduardomissoni.info\/index.php?rest_route=\/wp\/v2\/posts\/3205","targetHints":{"allow":["GET"]}}],"collection":[{"href":"https:\/\/eduardomissoni.info\/index.php?rest_route=\/wp\/v2\/posts"}],"about":[{"href":"https:\/\/eduardomissoni.info\/index.php?rest_route=\/wp\/v2\/types\/post"}],"author":[{"embeddable":true,"href":"https:\/\/eduardomissoni.info\/index.php?rest_route=\/wp\/v2\/users\/1"}],"replies":[{"embeddable":true,"href":"https:\/\/eduardomissoni.info\/index.php?rest_route=%2Fwp%2Fv2%2Fcomments&post=3205"}],"version-history":[{"count":2,"href":"https:\/\/eduardomissoni.info\/index.php?rest_route=\/wp\/v2\/posts\/3205\/revisions"}],"predecessor-version":[{"id":3207,"href":"https:\/\/eduardomissoni.info\/index.php?rest_route=\/wp\/v2\/posts\/3205\/revisions\/3207"}],"wp:featuredmedia":[{"embeddable":true,"href":"https:\/\/eduardomissoni.info\/index.php?rest_route=\/wp\/v2\/media\/3200"}],"wp:attachment":[{"href":"https:\/\/eduardomissoni.info\/index.php?rest_route=%2Fwp%2Fv2%2Fmedia&parent=3205"}],"wp:term":[{"taxonomy":"category","embeddable":true,"href":"https:\/\/eduardomissoni.info\/index.php?rest_route=%2Fwp%2Fv2%2Fcategories&post=3205"},{"taxonomy":"post_tag","embeddable":true,"href":"https:\/\/eduardomissoni.info\/index.php?rest_route=%2Fwp%2Fv2%2Ftags&post=3205"}],"curies":[{"name":"wp","href":"https:\/\/api.w.org\/{rel}","templated":true}]}}