{"id":824,"date":"2012-01-01T18:50:07","date_gmt":"2012-01-01T18:50:07","guid":{"rendered":"http:\/\/eduardomissoni.info\/?p=824"},"modified":"2012-01-01T21:48:21","modified_gmt":"2012-01-01T21:48:21","slug":"auguri-felicidades-best-wishes-2","status":"publish","type":"post","link":"https:\/\/eduardomissoni.info\/?p=824","title":{"rendered":"Auguri! Felicidades!"},"content":{"rendered":"<p style=\"text-align: left;\">(Texto en espa\u00f1ol m\u00e1s abajo)<\/p>\n<p style=\"text-align: left;\">Natale 2011 \u2013 Capodanno 2012<br \/>\nNavidad 2011 \u2013 A\u00f1o Nuevo 2012<\/p>\n<p style=\"text-align: left;\"><strong><\/strong><br \/>\nCare amiche e cari amici,<\/p>\n<p>ogni anno aggiungo alla lista del mio messaggio nuovi colleghi e amici che desidero ringraziare per il cammino fatto insieme. Il mio pensiero va sempre di pi\u00f9 ai giovani, tra i quali naturalmente gli studenti con cui ho la fortuna di condividere riflessioni e progetti, sogni e l&#8217;impegno per realizzarli. E&#8217; bello pensare ad una comunit\u00e0 intergenerazionale di condivisione di conoscenze ed esperienze, ma anche di impegno e trasformazione sociale, che cresce e si rinnova di anno in anno con la costruzione di nuovi spazi di azione locali e globali come nell&#8217;iniziativa di <a href=\"http:\/\/indaba-network.net\" target=\"_blank\">indaba-network<\/a>.<br \/>\nIn molti hanno analizzato la crisi economica globale che ha caratterizzato l&#8217;anno appena concluso e l&#8217;augurio che tutti ci facciamo \u00e8 naturalmente che l&#8217;anno che (secondo il calendario cristiano) inizia oggi riporti un po&#8217; di serenit\u00e0 e opportunit\u00e0 per lasciare dietro di noi i momenti pi\u00f9 difficili. Sono ancora pochi quelli che si interrogano sulle vere radici di questa crisi, che \u00e8 in realt\u00e0 solo il sintomo di una ben pi\u00f9 profonda crisi di valori e di modello di societ\u00e0. Un cambiamento di rotta diviene sempre pi\u00f9 urgente. Rinnovo dunque l&#8217;augurio di essere sempre di pi\u00f9 a sfidare quel modello iniquo e insostenibile. Lavorando insieme, anche se con percorsi distinti, come sono distinti i nostri talenti, ad un comune progetto di giustizia sociale e pace.<\/p>\n<p>Auguri!<\/p>\n<p>Eduardo<\/p>\n<p>* * * * *<\/p>\n<p>Queridas amigas, queridos amigos,<\/p>\n<p>cada a\u00f1o a\u00f1ado a la lista de mi mensaje nuevos colegas y amigos a quienes deseo agradecer por el camino recurrido juntos. Mi pensamientos est\u00e1n dedicados cada vez m\u00e1s a los j\u00f3venes, entre los cuales naturalmente los estudiantes con los cuales tengo la suerte di compartir reflexiones y proyectos, as\u00ed como sue\u00f1os y el compromiso para que se hagan realidad.<br \/>\nEs bonito pensar en una comunidad intergeneracional que comparte conocimientos y experiencias, pero tambi\u00e9n el compromiso para la transformaci\u00f3n social, una comunidad que crece y se renueva de a\u00f1o en a\u00f1o construyendo nuevos espacios de acci\u00f3n locales y globales como en la iniciativa de <a href=\"http:\/\/indaba-network.net\" target=\"_blank\">indaba-network<\/a>.<br \/>\nMuchos han analizado la crisis econ\u00f3mica global que ha caracterizado el a\u00f1o reci\u00e9n terminado, y el deseo que todos compartimos es naturalmente que el a\u00f1o que (seg\u00fan el calendario cristiano) comienza hoy nos devuelva un poco de serenidad y oportunidades para dejar atr\u00e1s los momentos m\u00e1s dif\u00edciles.<br \/>\nTodav\u00eda son pocos quienes se interroguen sobre las ra\u00edces verdaderas de esta crisis, que es en realidad s\u00f3lo un s\u00edntoma de una crisis mucho m\u00e1s profunda de valores y de modelo de sociedad. Un cambio de ruta es cada vez m\u00e1s urgente. Por lo tanto renuevo el deseo de ver crecer el n\u00famero de personas que desaf\u00edan ese modelo injusto y no sustentable. Trabajando juntos, a\u00fan siguiendo caminos distintos, tal como son distintos nuestros talentos, para un proyecto com\u00fan de justicia social y paz.<\/p>\n<p>Felicidades!<\/p>\n<p>Eduardo<\/p>\n","protected":false},"excerpt":{"rendered":"<p>(Texto en espa\u00f1ol m\u00e1s abajo) Natale 2011 \u2013 Capodanno 2012 Navidad 2011 \u2013 A\u00f1o Nuevo 2012 Care amiche e cari amici, ogni anno aggiungo alla lista del mio messaggio nuovi colleghi e amici che desidero ringraziare per il cammino fatto &hellip; <a href=\"https:\/\/eduardomissoni.info\/?p=824\">Continua a leggere<span class=\"meta-nav\">&rarr;<\/span><\/a><\/p>\n","protected":false},"author":1,"featured_media":0,"comment_status":"closed","ping_status":"closed","sticky":false,"template":"","format":"standard","meta":{"footnotes":""},"categories":[1],"tags":[104],"class_list":["post-824","post","type-post","status-publish","format-standard","hentry","category-uncategorized","tag-messaggi-augurali"],"_links":{"self":[{"href":"https:\/\/eduardomissoni.info\/index.php?rest_route=\/wp\/v2\/posts\/824","targetHints":{"allow":["GET"]}}],"collection":[{"href":"https:\/\/eduardomissoni.info\/index.php?rest_route=\/wp\/v2\/posts"}],"about":[{"href":"https:\/\/eduardomissoni.info\/index.php?rest_route=\/wp\/v2\/types\/post"}],"author":[{"embeddable":true,"href":"https:\/\/eduardomissoni.info\/index.php?rest_route=\/wp\/v2\/users\/1"}],"replies":[{"embeddable":true,"href":"https:\/\/eduardomissoni.info\/index.php?rest_route=%2Fwp%2Fv2%2Fcomments&post=824"}],"version-history":[{"count":6,"href":"https:\/\/eduardomissoni.info\/index.php?rest_route=\/wp\/v2\/posts\/824\/revisions"}],"predecessor-version":[{"id":829,"href":"https:\/\/eduardomissoni.info\/index.php?rest_route=\/wp\/v2\/posts\/824\/revisions\/829"}],"wp:attachment":[{"href":"https:\/\/eduardomissoni.info\/index.php?rest_route=%2Fwp%2Fv2%2Fmedia&parent=824"}],"wp:term":[{"taxonomy":"category","embeddable":true,"href":"https:\/\/eduardomissoni.info\/index.php?rest_route=%2Fwp%2Fv2%2Fcategories&post=824"},{"taxonomy":"post_tag","embeddable":true,"href":"https:\/\/eduardomissoni.info\/index.php?rest_route=%2Fwp%2Fv2%2Ftags&post=824"}],"curies":[{"name":"wp","href":"https:\/\/api.w.org\/{rel}","templated":true}]}}